{"id":3092,"date":"2022-06-03T11:29:28","date_gmt":"2022-06-03T11:29:28","guid":{"rendered":"https:\/\/newsroom.psyma.com\/de\/?p=3092"},"modified":"2022-06-03T11:29:28","modified_gmt":"2022-06-03T11:29:28","slug":"kongress-der-deutschen-marktforschung","status":"publish","type":"post","link":"https:\/\/newsroom.psyma.com\/de\/themen\/marktforschungsmesse\/kongress-der-deutschen-marktforschung\/","title":{"rendered":"Kongress der Deutschen Marktforschung"},"content":{"rendered":"<h2>Endlich wieder hinein ins Veranstaltungsgeschehen und sich pers\u00f6nlich treffen! Unter diesem Motto steht der Kongress der Deutschen Marktforschung am 20. und 21. Juni 2022 in Frankfurt am Main.<\/h2>\n<p>Wir unterst\u00fctzen den Kongress als Sponsor und freuen uns auf den Austausch zu Ihren aktuellen Marktforschungsthemen auf unserem Stand. Erfahren Sie, was Menschen wirklich denken und wie ihr Verhalten erfolgreich entschl\u00fcsselt werden kann.<\/p>\n<p>Wir freuen uns auf ein Wiedersehen in Frankfurt!<\/p>\n<p><a href=\"https:\/\/www.bvm.org\/termine-weiterbildung\/kongress-der-deutschen-marktforschung-2022\/\" target=\"_blank\" rel=\"noopener\">Hier k\u00f6nnen Sie mehr erfahren bzw. ein Kongressticket buchen &gt;&gt;&gt;<\/a><br \/>\n\u00ad \u00ad<\/p>\n","protected":false},"excerpt":{"rendered":"<p>Endlich wieder hinein ins Veranstaltungsgeschehen und sich pers\u00f6nlich treffen! Unter diesem Motto steht der Kongress der Deutschen Marktforschung am 20. und 21. Juni 2022 in<\/p>\n","protected":false},"author":19,"featured_media":3093,"comment_status":"open","ping_status":"open","sticky":false,"template":"","format":"standard","meta":{"footnotes":"","_links_to":"","_links_to_target":""},"categories":[1655],"tags":[1688,1693,553],"class_list":["post-3092","post","type-post","status-publish","format-standard","has-post-thumbnail","hentry","category-marktforschungsmesse","tag-bvm","tag-kongress","tag-marktforschung","grid_format-default"],"yoast_head":"<!-- This site is optimized with the Yoast SEO plugin v28.3 - https:\/\/yoast.com\/product\/yoast-seo-wordpress\/ -->\n<title>Kongress der Deutschen Marktforschung - Marktforschung<\/title>\n<meta name=\"robots\" content=\"index, follow, max-snippet:-1, max-image-preview:large, max-video-preview:-1\" \/>\n<link rel=\"canonical\" href=\"https:\/\/newsroom.psyma.com\/de\/themen\/marktforschungsmesse\/kongress-der-deutschen-marktforschung\/\" \/>\n<meta property=\"og:locale\" content=\"de_DE\" \/>\n<meta property=\"og:type\" content=\"article\" \/>\n<meta property=\"og:title\" content=\"Kongress der Deutschen Marktforschung - Marktforschung\" \/>\n<meta property=\"og:description\" content=\"Endlich wieder hinein ins Veranstaltungsgeschehen und sich pers\u00f6nlich treffen! Unter diesem Motto steht der Kongress der Deutschen Marktforschung am 20. und 21. Juni 2022 in\" \/>\n<meta property=\"og:url\" content=\"https:\/\/newsroom.psyma.com\/de\/themen\/marktforschungsmesse\/kongress-der-deutschen-marktforschung\/\" \/>\n<meta property=\"og:site_name\" content=\"Marktforschung\" \/>\n<meta property=\"article:published_time\" content=\"2022-06-03T11:29:28+00:00\" \/>\n<meta property=\"og:image\" content=\"https:\/\/newsroom.psyma.com\/de\/wp-content\/uploads\/2022\/06\/BVM-Kongress-2022.jpg\" \/>\n\t<meta property=\"og:image:width\" content=\"580\" \/>\n\t<meta property=\"og:image:height\" content=\"382\" \/>\n\t<meta property=\"og:image:type\" content=\"image\/jpeg\" \/>\n<meta name=\"author\" content=\"Christian Sch\u00e4tz\" \/>\n<meta name=\"twitter:card\" content=\"summary_large_image\" \/>\n<meta name=\"twitter:label1\" content=\"Verfasst von\" \/>\n\t<meta name=\"twitter:data1\" content=\"Christian Sch\u00e4tz\" \/>\n\t<meta name=\"twitter:label2\" content=\"Gesch\u00e4tzte Lesezeit\" \/>\n\t<meta name=\"twitter:data2\" content=\"1\u00a0Minute\" \/>\n<script type=\"application\/ld+json\" class=\"yoast-schema-graph\">{\"@context\":\"https:\\\/\\\/schema.org\",\"@graph\":[{\"@type\":\"Article\",\"@id\":\"https:\\\/\\\/newsroom.psyma.com\\\/de\\\/themen\\\/marktforschungsmesse\\\/kongress-der-deutschen-marktforschung\\\/#article\",\"isPartOf\":{\"@id\":\"https:\\\/\\\/newsroom.psyma.com\\\/de\\\/themen\\\/marktforschungsmesse\\\/kongress-der-deutschen-marktforschung\\\/\"},\"author\":{\"name\":\"Christian Sch\u00e4tz\",\"@id\":\"https:\\\/\\\/newsroom.psyma.com\\\/de\\\/#\\\/schema\\\/person\\\/20ff735d19369ea41dd6b233e78c3b2c\"},\"headline\":\"Kongress der Deutschen Marktforschung\",\"datePublished\":\"2022-06-03T11:29:28+00:00\",\"mainEntityOfPage\":{\"@id\":\"https:\\\/\\\/newsroom.psyma.com\\\/de\\\/themen\\\/marktforschungsmesse\\\/kongress-der-deutschen-marktforschung\\\/\"},\"wordCount\":86,\"commentCount\":0,\"image\":{\"@id\":\"https:\\\/\\\/newsroom.psyma.com\\\/de\\\/themen\\\/marktforschungsmesse\\\/kongress-der-deutschen-marktforschung\\\/#primaryimage\"},\"thumbnailUrl\":\"https:\\\/\\\/newsroom.psyma.com\\\/de\\\/wp-content\\\/uploads\\\/2022\\\/06\\\/BVM-Kongress-2022.jpg\",\"keywords\":[\"BVM\",\"Kongress\",\"Marktforschung\"],\"articleSection\":[\"Marktforschungsmesse\"],\"inLanguage\":\"de\",\"potentialAction\":[{\"@type\":\"CommentAction\",\"name\":\"Comment\",\"target\":[\"https:\\\/\\\/newsroom.psyma.com\\\/de\\\/themen\\\/marktforschungsmesse\\\/kongress-der-deutschen-marktforschung\\\/#respond\"]}]},{\"@type\":\"WebPage\",\"@id\":\"https:\\\/\\\/newsroom.psyma.com\\\/de\\\/themen\\\/marktforschungsmesse\\\/kongress-der-deutschen-marktforschung\\\/\",\"url\":\"https:\\\/\\\/newsroom.psyma.com\\\/de\\\/themen\\\/marktforschungsmesse\\\/kongress-der-deutschen-marktforschung\\\/\",\"name\":\"Kongress der Deutschen Marktforschung - Marktforschung\",\"isPartOf\":{\"@id\":\"https:\\\/\\\/newsroom.psyma.com\\\/de\\\/#website\"},\"primaryImageOfPage\":{\"@id\":\"https:\\\/\\\/newsroom.psyma.com\\\/de\\\/themen\\\/marktforschungsmesse\\\/kongress-der-deutschen-marktforschung\\\/#primaryimage\"},\"image\":{\"@id\":\"https:\\\/\\\/newsroom.psyma.com\\\/de\\\/themen\\\/marktforschungsmesse\\\/kongress-der-deutschen-marktforschung\\\/#primaryimage\"},\"thumbnailUrl\":\"https:\\\/\\\/newsroom.psyma.com\\\/de\\\/wp-content\\\/uploads\\\/2022\\\/06\\\/BVM-Kongress-2022.jpg\",\"datePublished\":\"2022-06-03T11:29:28+00:00\",\"author\":{\"@id\":\"https:\\\/\\\/newsroom.psyma.com\\\/de\\\/#\\\/schema\\\/person\\\/20ff735d19369ea41dd6b233e78c3b2c\"},\"breadcrumb\":{\"@id\":\"https:\\\/\\\/newsroom.psyma.com\\\/de\\\/themen\\\/marktforschungsmesse\\\/kongress-der-deutschen-marktforschung\\\/#breadcrumb\"},\"inLanguage\":\"de\",\"potentialAction\":[{\"@type\":\"ReadAction\",\"target\":[\"https:\\\/\\\/newsroom.psyma.com\\\/de\\\/themen\\\/marktforschungsmesse\\\/kongress-der-deutschen-marktforschung\\\/\"]}]},{\"@type\":\"ImageObject\",\"inLanguage\":\"de\",\"@id\":\"https:\\\/\\\/newsroom.psyma.com\\\/de\\\/themen\\\/marktforschungsmesse\\\/kongress-der-deutschen-marktforschung\\\/#primaryimage\",\"url\":\"https:\\\/\\\/newsroom.psyma.com\\\/de\\\/wp-content\\\/uploads\\\/2022\\\/06\\\/BVM-Kongress-2022.jpg\",\"contentUrl\":\"https:\\\/\\\/newsroom.psyma.com\\\/de\\\/wp-content\\\/uploads\\\/2022\\\/06\\\/BVM-Kongress-2022.jpg\",\"width\":580,\"height\":382},{\"@type\":\"BreadcrumbList\",\"@id\":\"https:\\\/\\\/newsroom.psyma.com\\\/de\\\/themen\\\/marktforschungsmesse\\\/kongress-der-deutschen-marktforschung\\\/#breadcrumb\",\"itemListElement\":[{\"@type\":\"ListItem\",\"position\":1,\"name\":\"Startseite\",\"item\":\"https:\\\/\\\/newsroom.psyma.com\\\/de\\\/\"},{\"@type\":\"ListItem\",\"position\":2,\"name\":\"Kongress der Deutschen Marktforschung\"}]},{\"@type\":\"WebSite\",\"@id\":\"https:\\\/\\\/newsroom.psyma.com\\\/de\\\/#website\",\"url\":\"https:\\\/\\\/newsroom.psyma.com\\\/de\\\/\",\"name\":\"Marktforschung\",\"description\":\"Cases, Stories und Studien\",\"potentialAction\":[{\"@type\":\"SearchAction\",\"target\":{\"@type\":\"EntryPoint\",\"urlTemplate\":\"https:\\\/\\\/newsroom.psyma.com\\\/de\\\/?s={search_term_string}\"},\"query-input\":{\"@type\":\"PropertyValueSpecification\",\"valueRequired\":true,\"valueName\":\"search_term_string\"}}],\"inLanguage\":\"de\"},{\"@type\":\"Person\",\"@id\":\"https:\\\/\\\/newsroom.psyma.com\\\/de\\\/#\\\/schema\\\/person\\\/20ff735d19369ea41dd6b233e78c3b2c\",\"name\":\"Christian Sch\u00e4tz\",\"image\":{\"@type\":\"ImageObject\",\"inLanguage\":\"de\",\"@id\":\"https:\\\/\\\/newsroom.psyma.com\\\/de\\\/wp-content\\\/uploads\\\/2021\\\/10\\\/Psyma_Christian_Schaetz-150x150.jpg\",\"url\":\"https:\\\/\\\/newsroom.psyma.com\\\/de\\\/wp-content\\\/uploads\\\/2021\\\/10\\\/Psyma_Christian_Schaetz-150x150.jpg\",\"contentUrl\":\"https:\\\/\\\/newsroom.psyma.com\\\/de\\\/wp-content\\\/uploads\\\/2021\\\/10\\\/Psyma_Christian_Schaetz-150x150.jpg\",\"caption\":\"Christian Sch\u00e4tz\"},\"description\":\"Christian Sch\u00e4tz leitet bei der PSYMA GROUP AG den Bereich Marketing &amp; Sales. Mit seiner langj\u00e4hrigen Erfahrung als Marketingleiter und Gesch\u00e4ftsf\u00fchrer verantwortet er die Marketingma\u00dfnahmen aller Psyma-Units von der Strategie bis hin zur operativen Umsetzung.\",\"sameAs\":[\"http:\\\/\\\/www.psyma.com\",\"https:\\\/\\\/www.linkedin.com\\\/in\\\/christian-schtz-b6a9948b\\\/\"],\"url\":\"https:\\\/\\\/newsroom.psyma.com\\\/de\"}]}<\/script>\n<!-- \/ Yoast SEO plugin. -->","yoast_head_json":{"title":"Kongress der Deutschen Marktforschung - Marktforschung","robots":{"index":"index","follow":"follow","max-snippet":"max-snippet:-1","max-image-preview":"max-image-preview:large","max-video-preview":"max-video-preview:-1"},"canonical":"https:\/\/newsroom.psyma.com\/de\/themen\/marktforschungsmesse\/kongress-der-deutschen-marktforschung\/","og_locale":"de_DE","og_type":"article","og_title":"Kongress der Deutschen Marktforschung - Marktforschung","og_description":"Endlich wieder hinein ins Veranstaltungsgeschehen und sich pers\u00f6nlich treffen! Unter diesem Motto steht der Kongress der Deutschen Marktforschung am 20. und 21. Juni 2022 in","og_url":"https:\/\/newsroom.psyma.com\/de\/themen\/marktforschungsmesse\/kongress-der-deutschen-marktforschung\/","og_site_name":"Marktforschung","article_published_time":"2022-06-03T11:29:28+00:00","og_image":[{"width":580,"height":382,"url":"https:\/\/newsroom.psyma.com\/de\/wp-content\/uploads\/2022\/06\/BVM-Kongress-2022.jpg","type":"image\/jpeg"}],"author":"Christian Sch\u00e4tz","twitter_card":"summary_large_image","twitter_misc":{"Verfasst von":"Christian Sch\u00e4tz","Gesch\u00e4tzte Lesezeit":"1\u00a0Minute"},"schema":{"@context":"https:\/\/schema.org","@graph":[{"@type":"Article","@id":"https:\/\/newsroom.psyma.com\/de\/themen\/marktforschungsmesse\/kongress-der-deutschen-marktforschung\/#article","isPartOf":{"@id":"https:\/\/newsroom.psyma.com\/de\/themen\/marktforschungsmesse\/kongress-der-deutschen-marktforschung\/"},"author":{"name":"Christian Sch\u00e4tz","@id":"https:\/\/newsroom.psyma.com\/de\/#\/schema\/person\/20ff735d19369ea41dd6b233e78c3b2c"},"headline":"Kongress der Deutschen Marktforschung","datePublished":"2022-06-03T11:29:28+00:00","mainEntityOfPage":{"@id":"https:\/\/newsroom.psyma.com\/de\/themen\/marktforschungsmesse\/kongress-der-deutschen-marktforschung\/"},"wordCount":86,"commentCount":0,"image":{"@id":"https:\/\/newsroom.psyma.com\/de\/themen\/marktforschungsmesse\/kongress-der-deutschen-marktforschung\/#primaryimage"},"thumbnailUrl":"https:\/\/newsroom.psyma.com\/de\/wp-content\/uploads\/2022\/06\/BVM-Kongress-2022.jpg","keywords":["BVM","Kongress","Marktforschung"],"articleSection":["Marktforschungsmesse"],"inLanguage":"de","potentialAction":[{"@type":"CommentAction","name":"Comment","target":["https:\/\/newsroom.psyma.com\/de\/themen\/marktforschungsmesse\/kongress-der-deutschen-marktforschung\/#respond"]}]},{"@type":"WebPage","@id":"https:\/\/newsroom.psyma.com\/de\/themen\/marktforschungsmesse\/kongress-der-deutschen-marktforschung\/","url":"https:\/\/newsroom.psyma.com\/de\/themen\/marktforschungsmesse\/kongress-der-deutschen-marktforschung\/","name":"Kongress der Deutschen Marktforschung - Marktforschung","isPartOf":{"@id":"https:\/\/newsroom.psyma.com\/de\/#website"},"primaryImageOfPage":{"@id":"https:\/\/newsroom.psyma.com\/de\/themen\/marktforschungsmesse\/kongress-der-deutschen-marktforschung\/#primaryimage"},"image":{"@id":"https:\/\/newsroom.psyma.com\/de\/themen\/marktforschungsmesse\/kongress-der-deutschen-marktforschung\/#primaryimage"},"thumbnailUrl":"https:\/\/newsroom.psyma.com\/de\/wp-content\/uploads\/2022\/06\/BVM-Kongress-2022.jpg","datePublished":"2022-06-03T11:29:28+00:00","author":{"@id":"https:\/\/newsroom.psyma.com\/de\/#\/schema\/person\/20ff735d19369ea41dd6b233e78c3b2c"},"breadcrumb":{"@id":"https:\/\/newsroom.psyma.com\/de\/themen\/marktforschungsmesse\/kongress-der-deutschen-marktforschung\/#breadcrumb"},"inLanguage":"de","potentialAction":[{"@type":"ReadAction","target":["https:\/\/newsroom.psyma.com\/de\/themen\/marktforschungsmesse\/kongress-der-deutschen-marktforschung\/"]}]},{"@type":"ImageObject","inLanguage":"de","@id":"https:\/\/newsroom.psyma.com\/de\/themen\/marktforschungsmesse\/kongress-der-deutschen-marktforschung\/#primaryimage","url":"https:\/\/newsroom.psyma.com\/de\/wp-content\/uploads\/2022\/06\/BVM-Kongress-2022.jpg","contentUrl":"https:\/\/newsroom.psyma.com\/de\/wp-content\/uploads\/2022\/06\/BVM-Kongress-2022.jpg","width":580,"height":382},{"@type":"BreadcrumbList","@id":"https:\/\/newsroom.psyma.com\/de\/themen\/marktforschungsmesse\/kongress-der-deutschen-marktforschung\/#breadcrumb","itemListElement":[{"@type":"ListItem","position":1,"name":"Startseite","item":"https:\/\/newsroom.psyma.com\/de\/"},{"@type":"ListItem","position":2,"name":"Kongress der Deutschen Marktforschung"}]},{"@type":"WebSite","@id":"https:\/\/newsroom.psyma.com\/de\/#website","url":"https:\/\/newsroom.psyma.com\/de\/","name":"Marktforschung","description":"Cases, Stories und Studien","potentialAction":[{"@type":"SearchAction","target":{"@type":"EntryPoint","urlTemplate":"https:\/\/newsroom.psyma.com\/de\/?s={search_term_string}"},"query-input":{"@type":"PropertyValueSpecification","valueRequired":true,"valueName":"search_term_string"}}],"inLanguage":"de"},{"@type":"Person","@id":"https:\/\/newsroom.psyma.com\/de\/#\/schema\/person\/20ff735d19369ea41dd6b233e78c3b2c","name":"Christian Sch\u00e4tz","image":{"@type":"ImageObject","inLanguage":"de","@id":"https:\/\/newsroom.psyma.com\/de\/wp-content\/uploads\/2021\/10\/Psyma_Christian_Schaetz-150x150.jpg","url":"https:\/\/newsroom.psyma.com\/de\/wp-content\/uploads\/2021\/10\/Psyma_Christian_Schaetz-150x150.jpg","contentUrl":"https:\/\/newsroom.psyma.com\/de\/wp-content\/uploads\/2021\/10\/Psyma_Christian_Schaetz-150x150.jpg","caption":"Christian Sch\u00e4tz"},"description":"Christian Sch\u00e4tz leitet bei der PSYMA GROUP AG den Bereich Marketing &amp; Sales. Mit seiner langj\u00e4hrigen Erfahrung als Marketingleiter und Gesch\u00e4ftsf\u00fchrer verantwortet er die Marketingma\u00dfnahmen aller Psyma-Units von der Strategie bis hin zur operativen Umsetzung.","sameAs":["http:\/\/www.psyma.com","https:\/\/www.linkedin.com\/in\/christian-schtz-b6a9948b\/"],"url":"https:\/\/newsroom.psyma.com\/de"}]}},"_links":{"self":[{"href":"https:\/\/newsroom.psyma.com\/de\/wp-json\/wp\/v2\/posts\/3092","targetHints":{"allow":["GET"]}}],"collection":[{"href":"https:\/\/newsroom.psyma.com\/de\/wp-json\/wp\/v2\/posts"}],"about":[{"href":"https:\/\/newsroom.psyma.com\/de\/wp-json\/wp\/v2\/types\/post"}],"author":[{"embeddable":true,"href":"https:\/\/newsroom.psyma.com\/de\/wp-json\/wp\/v2\/users\/19"}],"replies":[{"embeddable":true,"href":"https:\/\/newsroom.psyma.com\/de\/wp-json\/wp\/v2\/comments?post=3092"}],"version-history":[{"count":1,"href":"https:\/\/newsroom.psyma.com\/de\/wp-json\/wp\/v2\/posts\/3092\/revisions"}],"predecessor-version":[{"id":3094,"href":"https:\/\/newsroom.psyma.com\/de\/wp-json\/wp\/v2\/posts\/3092\/revisions\/3094"}],"wp:featuredmedia":[{"embeddable":true,"href":"https:\/\/newsroom.psyma.com\/de\/wp-json\/wp\/v2\/media\/3093"}],"wp:attachment":[{"href":"https:\/\/newsroom.psyma.com\/de\/wp-json\/wp\/v2\/media?parent=3092"}],"wp:term":[{"taxonomy":"category","embeddable":true,"href":"https:\/\/newsroom.psyma.com\/de\/wp-json\/wp\/v2\/categories?post=3092"},{"taxonomy":"post_tag","embeddable":true,"href":"https:\/\/newsroom.psyma.com\/de\/wp-json\/wp\/v2\/tags?post=3092"}],"curies":[{"name":"wp","href":"https:\/\/api.w.org\/{rel}","templated":true}]}}