{"id":1954,"date":"2019-06-08T11:28:55","date_gmt":"2019-06-08T11:28:55","guid":{"rendered":"https:\/\/newsroom.psyma.com\/de\/?p=1954"},"modified":"2021-12-10T11:27:07","modified_gmt":"2021-12-10T11:27:07","slug":"psyma-care-studie-2019-alltag-der-pflege","status":"publish","type":"post","link":"https:\/\/newsroom.psyma.com\/de\/themen\/pflegemarktforschung\/psyma-care-studie-2019-alltag-der-pflege\/","title":{"rendered":"Psyma CARE-Studie 2019 - Alltag in der Pflege"},"content":{"rendered":"<p>Vom 14.-16. M\u00e4rz 2019 wurden auf dem Deutschen Pflegetag 154 professionelle Pflegekr\u00e4fte zu verschiedenen Bereichen ihres Arbeitsfeldes befragt. Die Befragten setzten sich gr\u00f6\u00dftenteils aus Personen zusammen, die in Krankenh\u00e4usern t\u00e4tig sind. Unter anderem waren aber auch station\u00e4r wie ambulant arbeitende Pflegekr\u00e4fte darunter, sowie Personen aus sonstigen Pflegebereichen. Unsere Studie wird hier in Ausschnitten vorgestellt.<\/p>\n<p>Zum einen wurden erworbene Zusatzqualifikationen abgefragt \u2013 beispielsweise eine Ausbildung zur Palliative Nurse, Onco Nurse oder zum Notfallpfleger. 44% gaben insgesamt an eine solche Zusatzqualifikation absolviert zu haben, w\u00e4hrend die bereits genannten zu den h\u00e4ufigsten z\u00e4hlen. Weitaus weniger h\u00e4ufig waren Zusatzqualifikationen als Physician Assitant, APN, Breast Care Nurse, COPD Nurse oder Parkinson Nurse.<\/p>\n<h3>Digitalsierung in der Pflege<\/h3>\n<p>Des Weiteren galt die Aufmerksamkeit dem administrativen Aufwand innerhalb des Pflegealltags. Durchschnittlich beschr\u00e4nkt sich dieser auf 2,6 Stunden am Tag. Elektronische Systeme spielen dabei eine wesentliche Rolle \u2013 so nutzen 94% der Befragten diese in ihrer t\u00e4glichen Arbeit. Besonders genutzt werden sie in Bereichen der Patientenregistrierung sowie der Pflegedokumentation und Terminverwaltung. Weniger kommen sie dagegen in der Abrechnung und im Rahmen von elektronischen Patientenakten zur Anwendung.<\/p>\n<p><img loading=\"lazy\" decoding=\"async\" class=\"alignnone size-full wp-image-1955\" src=\"https:\/\/newsroom.psyma.com\/de\/wp-content\/uploads\/2019\/06\/Administration.png\" alt=\"\" width=\"1677\" height=\"995\" \/><\/p>\n<p>Weiterf\u00fchrend wurden Verbesserungsvorschl\u00e4ge f\u00fcr den Umgang mit elektronischen Ger\u00e4ten abgefragt. Weniger als 15% der Befragten legen Wert darauf, dass es zu einer vollst\u00e4ndigen Digitalisierung am Arbeitsplatz der Pflege kommt. Vielmehr wird gefordert, dass bisherige Systeme besser aufeinander abgestimmt und die Nutzerfreundlichkeit sowie die \u00dcbersichtlichkeit verbessert werden.<\/p>\n<p><img loading=\"lazy\" decoding=\"async\" class=\"alignnone size-full wp-image-1956\" src=\"https:\/\/newsroom.psyma.com\/de\/wp-content\/uploads\/2019\/06\/Elek_Systeme.png\" alt=\"\" width=\"1675\" height=\"976\" \/><\/p>\n<p>Neben dem direkten Arbeitsalltag der Pflegekr\u00e4fte wurde sich ferner auch f\u00fcr das Kaufverhaltens der ganzen Einrichtung\/Klinik interessiert. Der Fokus lag hierbei einerseits darauf den Konsum von Verbrauchs- und Pflegeprodukten zu erfassen. Verb\u00e4nde, Desinfektion sowie Handschuhe wurden als Verbrauchsprodukte von fast 90% der Kliniken besorgt, w\u00e4hrend 85% der station\u00e4ren Einrichtungen einen Konsum von Artikeln des Pflegebedarfs wie Lagerungskissen angaben. Au\u00dferdem konnte aufgezeigt werden, dass der Einkauf mehrheitlich online oder im Gesch\u00e4ft erfolgt, statt \u00fcber das Telefon oder den Au\u00dfendienst.<\/p>\n<p><img loading=\"lazy\" decoding=\"async\" class=\"alignnone size-full wp-image-1958\" src=\"https:\/\/newsroom.psyma.com\/de\/wp-content\/uploads\/2019\/06\/Kaufverhalten.png\" alt=\"\" width=\"1682\" height=\"937\" \/><\/p>\n<p>Andererseits wurde auch die Speisenversorgung thematisiert, welche zu fast 70% aus der eigenen K\u00fcche geleistet und nur zu 30% von externen Anbietern zur Verf\u00fcgung gestellt wird. Auffallend selten besteht die M\u00f6glichkeit f\u00fcr die Patienten selbst in der K\u00fcche t\u00e4tig zu werden.<\/p>\n<p><img loading=\"lazy\" decoding=\"async\" class=\"alignnone size-full wp-image-1959\" src=\"https:\/\/newsroom.psyma.com\/de\/wp-content\/uploads\/2019\/06\/Speisenversorgung.png\" alt=\"\" width=\"1681\" height=\"1051\" \/><\/p>\n<p>Zuletzt wurde die Frage nach der m\u00f6glichen Mediennutzung f\u00fcr den einzelnen Patienten gekl\u00e4rt. In \u00fcber 50% der F\u00e4lle besteht Zugriff auf einen eigenen Internet-, Radio- und Fernsehanschluss, wobei letzteres doch h\u00e4ufiger zur Verf\u00fcgung gestellt wird als Internet und Radio.<\/p>\n<p>Der Anteil von Medikamenten und therapieunterst\u00fctzenden Begleitprogrammen am Therapieerfolg eines Patienten wurde von den professionell Pflegenden als nahezu ausgeglichen beurteilt.<\/p>\n<p><img loading=\"lazy\" decoding=\"async\" class=\"alignnone size-full wp-image-1960\" src=\"https:\/\/newsroom.psyma.com\/de\/wp-content\/uploads\/2019\/06\/Therapiebegleitung.png\" alt=\"\" width=\"1682\" height=\"1027\" \/><\/p>\n<p>Mehr Informationen zum Thema Marktforschung in der Pflege erfahren Sie <a href=\"https:\/\/www.psyma.com\/branchen\/health-care\/\" target=\"_blank\" rel=\"noopener\">unter Psyma CARE.<\/a><\/p>\n","protected":false},"excerpt":{"rendered":"<p>Vom 14.-16. M\u00e4rz 2019 wurden auf dem Deutschen Pflegetag 154 professionelle Pflegekr\u00e4fte zu verschiedenen Bereichen ihres Arbeitsfeldes befragt. Die Befragten setzten sich gr\u00f6\u00dftenteils aus Personen<\/p>\n","protected":false},"author":19,"featured_media":1971,"comment_status":"open","ping_status":"open","sticky":false,"template":"","format":"standard","meta":{"footnotes":"","_links_to":"","_links_to_target":""},"categories":[55],"tags":[68,633,553,54],"class_list":["post-1954","post","type-post","status-publish","format-standard","has-post-thumbnail","hentry","category-pflegemarktforschung","tag-deutscher-pflegetag","tag-eigenstudie","tag-marktforschung","tag-pflegemarkt","grid_format-default"],"yoast_head":"<!-- This site is optimized with the Yoast SEO plugin v28.3 - https:\/\/yoast.com\/product\/yoast-seo-wordpress\/ -->\n<title>Psyma CARE-Studie 2019 - Alltag in der Pflege - Marktforschung<\/title>\n<meta name=\"robots\" content=\"index, follow, max-snippet:-1, max-image-preview:large, max-video-preview:-1\" \/>\n<link rel=\"canonical\" href=\"https:\/\/newsroom.psyma.com\/de\/themen\/pflegemarktforschung\/psyma-care-studie-2019-alltag-der-pflege\/\" \/>\n<meta property=\"og:locale\" content=\"de_DE\" \/>\n<meta property=\"og:type\" content=\"article\" \/>\n<meta property=\"og:title\" content=\"Psyma CARE-Studie 2019 - Alltag in der Pflege - Marktforschung\" \/>\n<meta property=\"og:description\" content=\"Vom 14.-16. M\u00e4rz 2019 wurden auf dem Deutschen Pflegetag 154 professionelle Pflegekr\u00e4fte zu verschiedenen Bereichen ihres Arbeitsfeldes befragt. Die Befragten setzten sich gr\u00f6\u00dftenteils aus Personen\" \/>\n<meta property=\"og:url\" content=\"https:\/\/newsroom.psyma.com\/de\/themen\/pflegemarktforschung\/psyma-care-studie-2019-alltag-der-pflege\/\" \/>\n<meta property=\"og:site_name\" content=\"Marktforschung\" \/>\n<meta property=\"article:published_time\" content=\"2019-06-08T11:28:55+00:00\" \/>\n<meta property=\"article:modified_time\" content=\"2021-12-10T11:27:07+00:00\" \/>\n<meta property=\"og:image\" content=\"https:\/\/newsroom.psyma.com\/de\/wp-content\/uploads\/2019\/06\/CARE_Studie_Alltag_Pflege-1024x683.jpg\" \/>\n\t<meta property=\"og:image:width\" content=\"1024\" \/>\n\t<meta property=\"og:image:height\" content=\"683\" \/>\n\t<meta property=\"og:image:type\" content=\"image\/jpeg\" \/>\n<meta name=\"author\" content=\"Christian Sch\u00e4tz\" \/>\n<meta name=\"twitter:card\" content=\"summary_large_image\" \/>\n<meta name=\"twitter:label1\" content=\"Verfasst von\" \/>\n\t<meta name=\"twitter:data1\" content=\"Christian Sch\u00e4tz\" \/>\n\t<meta name=\"twitter:label2\" content=\"Gesch\u00e4tzte Lesezeit\" \/>\n\t<meta name=\"twitter:data2\" content=\"3\u00a0Minuten\" \/>\n<script type=\"application\/ld+json\" class=\"yoast-schema-graph\">{\"@context\":\"https:\\\/\\\/schema.org\",\"@graph\":[{\"@type\":\"Article\",\"@id\":\"https:\\\/\\\/newsroom.psyma.com\\\/de\\\/themen\\\/pflegemarktforschung\\\/psyma-care-studie-2019-alltag-der-pflege\\\/#article\",\"isPartOf\":{\"@id\":\"https:\\\/\\\/newsroom.psyma.com\\\/de\\\/themen\\\/pflegemarktforschung\\\/psyma-care-studie-2019-alltag-der-pflege\\\/\"},\"author\":{\"name\":\"Christian Sch\u00e4tz\",\"@id\":\"https:\\\/\\\/newsroom.psyma.com\\\/de\\\/#\\\/schema\\\/person\\\/20ff735d19369ea41dd6b233e78c3b2c\"},\"headline\":\"Psyma CARE-Studie 2019 - Alltag in der Pflege\",\"datePublished\":\"2019-06-08T11:28:55+00:00\",\"dateModified\":\"2021-12-10T11:27:07+00:00\",\"mainEntityOfPage\":{\"@id\":\"https:\\\/\\\/newsroom.psyma.com\\\/de\\\/themen\\\/pflegemarktforschung\\\/psyma-care-studie-2019-alltag-der-pflege\\\/\"},\"wordCount\":448,\"commentCount\":0,\"image\":{\"@id\":\"https:\\\/\\\/newsroom.psyma.com\\\/de\\\/themen\\\/pflegemarktforschung\\\/psyma-care-studie-2019-alltag-der-pflege\\\/#primaryimage\"},\"thumbnailUrl\":\"https:\\\/\\\/newsroom.psyma.com\\\/de\\\/wp-content\\\/uploads\\\/2019\\\/06\\\/CARE_Studie_Alltag_Pflege.jpg\",\"keywords\":[\"Deutscher Pflegetag\",\"Eigenstudie\",\"Marktforschung\",\"Pflegemarkt\"],\"articleSection\":[\"Pflegemarktforschung\"],\"inLanguage\":\"de\",\"potentialAction\":[{\"@type\":\"CommentAction\",\"name\":\"Comment\",\"target\":[\"https:\\\/\\\/newsroom.psyma.com\\\/de\\\/themen\\\/pflegemarktforschung\\\/psyma-care-studie-2019-alltag-der-pflege\\\/#respond\"]}]},{\"@type\":\"WebPage\",\"@id\":\"https:\\\/\\\/newsroom.psyma.com\\\/de\\\/themen\\\/pflegemarktforschung\\\/psyma-care-studie-2019-alltag-der-pflege\\\/\",\"url\":\"https:\\\/\\\/newsroom.psyma.com\\\/de\\\/themen\\\/pflegemarktforschung\\\/psyma-care-studie-2019-alltag-der-pflege\\\/\",\"name\":\"Psyma CARE-Studie 2019 - Alltag in der Pflege - Marktforschung\",\"isPartOf\":{\"@id\":\"https:\\\/\\\/newsroom.psyma.com\\\/de\\\/#website\"},\"primaryImageOfPage\":{\"@id\":\"https:\\\/\\\/newsroom.psyma.com\\\/de\\\/themen\\\/pflegemarktforschung\\\/psyma-care-studie-2019-alltag-der-pflege\\\/#primaryimage\"},\"image\":{\"@id\":\"https:\\\/\\\/newsroom.psyma.com\\\/de\\\/themen\\\/pflegemarktforschung\\\/psyma-care-studie-2019-alltag-der-pflege\\\/#primaryimage\"},\"thumbnailUrl\":\"https:\\\/\\\/newsroom.psyma.com\\\/de\\\/wp-content\\\/uploads\\\/2019\\\/06\\\/CARE_Studie_Alltag_Pflege.jpg\",\"datePublished\":\"2019-06-08T11:28:55+00:00\",\"dateModified\":\"2021-12-10T11:27:07+00:00\",\"author\":{\"@id\":\"https:\\\/\\\/newsroom.psyma.com\\\/de\\\/#\\\/schema\\\/person\\\/20ff735d19369ea41dd6b233e78c3b2c\"},\"breadcrumb\":{\"@id\":\"https:\\\/\\\/newsroom.psyma.com\\\/de\\\/themen\\\/pflegemarktforschung\\\/psyma-care-studie-2019-alltag-der-pflege\\\/#breadcrumb\"},\"inLanguage\":\"de\",\"potentialAction\":[{\"@type\":\"ReadAction\",\"target\":[\"https:\\\/\\\/newsroom.psyma.com\\\/de\\\/themen\\\/pflegemarktforschung\\\/psyma-care-studie-2019-alltag-der-pflege\\\/\"]}]},{\"@type\":\"ImageObject\",\"inLanguage\":\"de\",\"@id\":\"https:\\\/\\\/newsroom.psyma.com\\\/de\\\/themen\\\/pflegemarktforschung\\\/psyma-care-studie-2019-alltag-der-pflege\\\/#primaryimage\",\"url\":\"https:\\\/\\\/newsroom.psyma.com\\\/de\\\/wp-content\\\/uploads\\\/2019\\\/06\\\/CARE_Studie_Alltag_Pflege.jpg\",\"contentUrl\":\"https:\\\/\\\/newsroom.psyma.com\\\/de\\\/wp-content\\\/uploads\\\/2019\\\/06\\\/CARE_Studie_Alltag_Pflege.jpg\",\"width\":5000,\"height\":3333},{\"@type\":\"BreadcrumbList\",\"@id\":\"https:\\\/\\\/newsroom.psyma.com\\\/de\\\/themen\\\/pflegemarktforschung\\\/psyma-care-studie-2019-alltag-der-pflege\\\/#breadcrumb\",\"itemListElement\":[{\"@type\":\"ListItem\",\"position\":1,\"name\":\"Startseite\",\"item\":\"https:\\\/\\\/newsroom.psyma.com\\\/de\\\/\"},{\"@type\":\"ListItem\",\"position\":2,\"name\":\"Psyma CARE-Studie 2019 - Alltag in der Pflege\"}]},{\"@type\":\"WebSite\",\"@id\":\"https:\\\/\\\/newsroom.psyma.com\\\/de\\\/#website\",\"url\":\"https:\\\/\\\/newsroom.psyma.com\\\/de\\\/\",\"name\":\"Marktforschung\",\"description\":\"Cases, Stories und Studien\",\"potentialAction\":[{\"@type\":\"SearchAction\",\"target\":{\"@type\":\"EntryPoint\",\"urlTemplate\":\"https:\\\/\\\/newsroom.psyma.com\\\/de\\\/?s={search_term_string}\"},\"query-input\":{\"@type\":\"PropertyValueSpecification\",\"valueRequired\":true,\"valueName\":\"search_term_string\"}}],\"inLanguage\":\"de\"},{\"@type\":\"Person\",\"@id\":\"https:\\\/\\\/newsroom.psyma.com\\\/de\\\/#\\\/schema\\\/person\\\/20ff735d19369ea41dd6b233e78c3b2c\",\"name\":\"Christian Sch\u00e4tz\",\"image\":{\"@type\":\"ImageObject\",\"inLanguage\":\"de\",\"@id\":\"https:\\\/\\\/newsroom.psyma.com\\\/de\\\/wp-content\\\/uploads\\\/2021\\\/10\\\/Psyma_Christian_Schaetz-150x150.jpg\",\"url\":\"https:\\\/\\\/newsroom.psyma.com\\\/de\\\/wp-content\\\/uploads\\\/2021\\\/10\\\/Psyma_Christian_Schaetz-150x150.jpg\",\"contentUrl\":\"https:\\\/\\\/newsroom.psyma.com\\\/de\\\/wp-content\\\/uploads\\\/2021\\\/10\\\/Psyma_Christian_Schaetz-150x150.jpg\",\"caption\":\"Christian Sch\u00e4tz\"},\"description\":\"Christian Sch\u00e4tz leitet bei der PSYMA GROUP AG den Bereich Marketing &amp; Sales. Mit seiner langj\u00e4hrigen Erfahrung als Marketingleiter und Gesch\u00e4ftsf\u00fchrer verantwortet er die Marketingma\u00dfnahmen aller Psyma-Units von der Strategie bis hin zur operativen Umsetzung.\",\"sameAs\":[\"http:\\\/\\\/www.psyma.com\",\"https:\\\/\\\/www.linkedin.com\\\/in\\\/christian-schtz-b6a9948b\\\/\"],\"url\":\"https:\\\/\\\/newsroom.psyma.com\\\/de\"}]}<\/script>\n<!-- \/ Yoast SEO plugin. -->","yoast_head_json":{"title":"Psyma CARE-Studie 2019 - Alltag in der Pflege - Marktforschung","robots":{"index":"index","follow":"follow","max-snippet":"max-snippet:-1","max-image-preview":"max-image-preview:large","max-video-preview":"max-video-preview:-1"},"canonical":"https:\/\/newsroom.psyma.com\/de\/themen\/pflegemarktforschung\/psyma-care-studie-2019-alltag-der-pflege\/","og_locale":"de_DE","og_type":"article","og_title":"Psyma CARE-Studie 2019 - Alltag in der Pflege - Marktforschung","og_description":"Vom 14.-16. M\u00e4rz 2019 wurden auf dem Deutschen Pflegetag 154 professionelle Pflegekr\u00e4fte zu verschiedenen Bereichen ihres Arbeitsfeldes befragt. Die Befragten setzten sich gr\u00f6\u00dftenteils aus Personen","og_url":"https:\/\/newsroom.psyma.com\/de\/themen\/pflegemarktforschung\/psyma-care-studie-2019-alltag-der-pflege\/","og_site_name":"Marktforschung","article_published_time":"2019-06-08T11:28:55+00:00","article_modified_time":"2021-12-10T11:27:07+00:00","og_image":[{"width":1024,"height":683,"url":"https:\/\/newsroom.psyma.com\/de\/wp-content\/uploads\/2019\/06\/CARE_Studie_Alltag_Pflege-1024x683.jpg","type":"image\/jpeg"}],"author":"Christian Sch\u00e4tz","twitter_card":"summary_large_image","twitter_misc":{"Verfasst von":"Christian Sch\u00e4tz","Gesch\u00e4tzte Lesezeit":"3\u00a0Minuten"},"schema":{"@context":"https:\/\/schema.org","@graph":[{"@type":"Article","@id":"https:\/\/newsroom.psyma.com\/de\/themen\/pflegemarktforschung\/psyma-care-studie-2019-alltag-der-pflege\/#article","isPartOf":{"@id":"https:\/\/newsroom.psyma.com\/de\/themen\/pflegemarktforschung\/psyma-care-studie-2019-alltag-der-pflege\/"},"author":{"name":"Christian Sch\u00e4tz","@id":"https:\/\/newsroom.psyma.com\/de\/#\/schema\/person\/20ff735d19369ea41dd6b233e78c3b2c"},"headline":"Psyma CARE-Studie 2019 - Alltag in der Pflege","datePublished":"2019-06-08T11:28:55+00:00","dateModified":"2021-12-10T11:27:07+00:00","mainEntityOfPage":{"@id":"https:\/\/newsroom.psyma.com\/de\/themen\/pflegemarktforschung\/psyma-care-studie-2019-alltag-der-pflege\/"},"wordCount":448,"commentCount":0,"image":{"@id":"https:\/\/newsroom.psyma.com\/de\/themen\/pflegemarktforschung\/psyma-care-studie-2019-alltag-der-pflege\/#primaryimage"},"thumbnailUrl":"https:\/\/newsroom.psyma.com\/de\/wp-content\/uploads\/2019\/06\/CARE_Studie_Alltag_Pflege.jpg","keywords":["Deutscher Pflegetag","Eigenstudie","Marktforschung","Pflegemarkt"],"articleSection":["Pflegemarktforschung"],"inLanguage":"de","potentialAction":[{"@type":"CommentAction","name":"Comment","target":["https:\/\/newsroom.psyma.com\/de\/themen\/pflegemarktforschung\/psyma-care-studie-2019-alltag-der-pflege\/#respond"]}]},{"@type":"WebPage","@id":"https:\/\/newsroom.psyma.com\/de\/themen\/pflegemarktforschung\/psyma-care-studie-2019-alltag-der-pflege\/","url":"https:\/\/newsroom.psyma.com\/de\/themen\/pflegemarktforschung\/psyma-care-studie-2019-alltag-der-pflege\/","name":"Psyma CARE-Studie 2019 - Alltag in der Pflege - Marktforschung","isPartOf":{"@id":"https:\/\/newsroom.psyma.com\/de\/#website"},"primaryImageOfPage":{"@id":"https:\/\/newsroom.psyma.com\/de\/themen\/pflegemarktforschung\/psyma-care-studie-2019-alltag-der-pflege\/#primaryimage"},"image":{"@id":"https:\/\/newsroom.psyma.com\/de\/themen\/pflegemarktforschung\/psyma-care-studie-2019-alltag-der-pflege\/#primaryimage"},"thumbnailUrl":"https:\/\/newsroom.psyma.com\/de\/wp-content\/uploads\/2019\/06\/CARE_Studie_Alltag_Pflege.jpg","datePublished":"2019-06-08T11:28:55+00:00","dateModified":"2021-12-10T11:27:07+00:00","author":{"@id":"https:\/\/newsroom.psyma.com\/de\/#\/schema\/person\/20ff735d19369ea41dd6b233e78c3b2c"},"breadcrumb":{"@id":"https:\/\/newsroom.psyma.com\/de\/themen\/pflegemarktforschung\/psyma-care-studie-2019-alltag-der-pflege\/#breadcrumb"},"inLanguage":"de","potentialAction":[{"@type":"ReadAction","target":["https:\/\/newsroom.psyma.com\/de\/themen\/pflegemarktforschung\/psyma-care-studie-2019-alltag-der-pflege\/"]}]},{"@type":"ImageObject","inLanguage":"de","@id":"https:\/\/newsroom.psyma.com\/de\/themen\/pflegemarktforschung\/psyma-care-studie-2019-alltag-der-pflege\/#primaryimage","url":"https:\/\/newsroom.psyma.com\/de\/wp-content\/uploads\/2019\/06\/CARE_Studie_Alltag_Pflege.jpg","contentUrl":"https:\/\/newsroom.psyma.com\/de\/wp-content\/uploads\/2019\/06\/CARE_Studie_Alltag_Pflege.jpg","width":5000,"height":3333},{"@type":"BreadcrumbList","@id":"https:\/\/newsroom.psyma.com\/de\/themen\/pflegemarktforschung\/psyma-care-studie-2019-alltag-der-pflege\/#breadcrumb","itemListElement":[{"@type":"ListItem","position":1,"name":"Startseite","item":"https:\/\/newsroom.psyma.com\/de\/"},{"@type":"ListItem","position":2,"name":"Psyma CARE-Studie 2019 - Alltag in der Pflege"}]},{"@type":"WebSite","@id":"https:\/\/newsroom.psyma.com\/de\/#website","url":"https:\/\/newsroom.psyma.com\/de\/","name":"Marktforschung","description":"Cases, Stories und Studien","potentialAction":[{"@type":"SearchAction","target":{"@type":"EntryPoint","urlTemplate":"https:\/\/newsroom.psyma.com\/de\/?s={search_term_string}"},"query-input":{"@type":"PropertyValueSpecification","valueRequired":true,"valueName":"search_term_string"}}],"inLanguage":"de"},{"@type":"Person","@id":"https:\/\/newsroom.psyma.com\/de\/#\/schema\/person\/20ff735d19369ea41dd6b233e78c3b2c","name":"Christian Sch\u00e4tz","image":{"@type":"ImageObject","inLanguage":"de","@id":"https:\/\/newsroom.psyma.com\/de\/wp-content\/uploads\/2021\/10\/Psyma_Christian_Schaetz-150x150.jpg","url":"https:\/\/newsroom.psyma.com\/de\/wp-content\/uploads\/2021\/10\/Psyma_Christian_Schaetz-150x150.jpg","contentUrl":"https:\/\/newsroom.psyma.com\/de\/wp-content\/uploads\/2021\/10\/Psyma_Christian_Schaetz-150x150.jpg","caption":"Christian Sch\u00e4tz"},"description":"Christian Sch\u00e4tz leitet bei der PSYMA GROUP AG den Bereich Marketing &amp; Sales. Mit seiner langj\u00e4hrigen Erfahrung als Marketingleiter und Gesch\u00e4ftsf\u00fchrer verantwortet er die Marketingma\u00dfnahmen aller Psyma-Units von der Strategie bis hin zur operativen Umsetzung.","sameAs":["http:\/\/www.psyma.com","https:\/\/www.linkedin.com\/in\/christian-schtz-b6a9948b\/"],"url":"https:\/\/newsroom.psyma.com\/de"}]}},"_links":{"self":[{"href":"https:\/\/newsroom.psyma.com\/de\/wp-json\/wp\/v2\/posts\/1954","targetHints":{"allow":["GET"]}}],"collection":[{"href":"https:\/\/newsroom.psyma.com\/de\/wp-json\/wp\/v2\/posts"}],"about":[{"href":"https:\/\/newsroom.psyma.com\/de\/wp-json\/wp\/v2\/types\/post"}],"author":[{"embeddable":true,"href":"https:\/\/newsroom.psyma.com\/de\/wp-json\/wp\/v2\/users\/19"}],"replies":[{"embeddable":true,"href":"https:\/\/newsroom.psyma.com\/de\/wp-json\/wp\/v2\/comments?post=1954"}],"version-history":[{"count":7,"href":"https:\/\/newsroom.psyma.com\/de\/wp-json\/wp\/v2\/posts\/1954\/revisions"}],"predecessor-version":[{"id":2989,"href":"https:\/\/newsroom.psyma.com\/de\/wp-json\/wp\/v2\/posts\/1954\/revisions\/2989"}],"wp:featuredmedia":[{"embeddable":true,"href":"https:\/\/newsroom.psyma.com\/de\/wp-json\/wp\/v2\/media\/1971"}],"wp:attachment":[{"href":"https:\/\/newsroom.psyma.com\/de\/wp-json\/wp\/v2\/media?parent=1954"}],"wp:term":[{"taxonomy":"category","embeddable":true,"href":"https:\/\/newsroom.psyma.com\/de\/wp-json\/wp\/v2\/categories?post=1954"},{"taxonomy":"post_tag","embeddable":true,"href":"https:\/\/newsroom.psyma.com\/de\/wp-json\/wp\/v2\/tags?post=1954"}],"curies":[{"name":"wp","href":"https:\/\/api.w.org\/{rel}","templated":true}]}}