{"id":1810,"date":"2019-03-12T13:47:55","date_gmt":"2019-03-12T13:47:55","guid":{"rendered":"https:\/\/newsroom.psyma.com\/de\/?p=1810"},"modified":"2020-04-03T11:49:45","modified_gmt":"2020-04-03T11:49:45","slug":"studie-systeme-im-pflegebereich","status":"publish","type":"post","link":"https:\/\/newsroom.psyma.com\/de\/themen\/it-marktforschung\/studie-systeme-im-pflegebereich\/","title":{"rendered":"Studie: IT-Systeme im Pflegebereich"},"content":{"rendered":"<p>Pflegekr\u00e4fte m\u00fcssen zus\u00e4tzlich zu ihrer eigentlichen Pfleget\u00e4tigkeit ein enormes Ma\u00df an administrativen Aufgaben bew\u00e4ltigen.\u00a0Wir haben in einer aktuellen Studie \u00fcber unser Psyma CAREopinio-Panel Pflegekr\u00e4fte dazu befragt, welche IT-Systeme sie verwenden und wie gut diese ihre t\u00e4gliche Arbeit unterst\u00fctzen.<\/p>\n<p>Die gute Nachricht: die Befragten empfinden die IT-Systeme mehrheitlich als Erleichterung der t\u00e4glichen Arbeit (v.a. Abrechnungssysteme und Systeme zur Patientenregistrierung).<br \/>\nJedoch werden auch h\u00e4ufig W\u00fcnsche nach einer verbesserten Nutzerfreundlichkeit ge\u00e4u\u00dfert.<\/p>\n<h3>IT-Systeme als Arbeitserleichterung mit Optimierungspotential<\/h3>\n<p>Administrative T\u00e4tigkeiten nehmen einen <b>bedeutenden<\/b> <b>Zeitanteil<\/b> in der t\u00e4glichen Arbeit von Pflegekr\u00e4ften ein (\u00fcber 2 Stunden pro Tag).<\/p>\n<p><img loading=\"lazy\" decoding=\"async\" class=\"alignnone wp-image-1811\" src=\"https:\/\/newsroom.psyma.com\/de\/wp-content\/uploads\/2019\/03\/ITNutzung.png\" alt=\"\" width=\"429\" height=\"258\" \/><\/p>\n<p><b>94%<\/b> der Pflegekr\u00e4fte verwenden <b>zumindest<\/b> <b>ein<\/b><b> IT-System <\/b>in ihrer Arbeit. Am h\u00e4ufigsten sind IT-Systeme zur Patientenregistrierung im Einsatz (74%).<\/p>\n<p><img loading=\"lazy\" decoding=\"async\" class=\"alignnone size-full wp-image-1816\" src=\"https:\/\/newsroom.psyma.com\/de\/wp-content\/uploads\/2019\/03\/Pflege-IT2.png\" alt=\"\" width=\"1654\" height=\"510\" \/>Mehrheitlich werden die IT-Systeme als <b>Erleichterung<\/b> f\u00fcr die t\u00e4gliche Arbeit erlebt. Dies trifft am meisten auf Systeme zur <b>Patientenregistrierung<\/b> und <b>Abrechnung<\/b> zu. Handlungsbedarf besteht insbesondere bei Systemen zur Terminverwaltung,\u00a0Pflegedokumentation und elektronischer Patientenakte.<\/p>\n<h3>Verbesserungsw\u00fcnsche zu IT-Systemen (F4)<\/h3>\n<p><span style=\"color: #ff5100;\"><strong>37%<\/strong><\/span> w\u00fcnschen sich eine verbesserte\u00a0<strong>Nutzerfreundlichkeit<\/strong><b>\u00a0<\/b>\/ <b>Schnelligkeit\u00a0<\/b>der Systeme \/ <b>\u00fcbersichtlichere <\/b>Dokumentation<\/p>\n<p><span style=\"color: #ff5100;\"><b>13% <\/b><\/span>fordern eine bessere<b> <\/b><b>Integration von\u00a0 IT-Systemen in Form <\/b>optimierter <b>Schnittstellen \/ <\/b>verbesserter <b>Kompatibilit\u00e4t<\/b> zu anderen Systemen<\/p>\n<p><span style=\"color: #ff5100;\"><strong>10%<\/strong><\/span> sprechen sich f\u00fcr eine <b>konsequente <\/b><b>Digitalisierung<\/b> aus: Papierdokumente sollen idealerweise komplett ersetzt werden oder - wenn nicht m\u00f6glich - so soll zumindest die Schnittstelle zur Papierdokumentation optimiert werden<\/p>\n<p><span style=\"color: #ff5100;\"><strong>8%<\/strong><\/span>\u00a0\u00e4u\u00dfern den Wunsch nach\u00a0<b>Einf\u00fchrung weiterer Systeme\u00a0<\/b>bzw. Erweiterung der bestehenden Systeme<\/p>\n<p><span style=\"color: #ff5100;\"><b>7% <\/b><\/span>w\u00fcnschen eine h\u00f6here\u00a0<strong>Personalisierbarkeit<\/strong> der IT-Systeme, die eine flexible Anpassung an individuelle Anforderungen erm\u00f6glicht<\/p>\n<p>Um die Akzeptanz der IT-Systeme durch die Pflegekr\u00e4fte zu erh\u00f6hen, sollten sich die Hersteller v.a. auf eine <b>verbesserte<\/b> <b>Nutzerfreundlichkeit<\/b> fokussieren (v.a. hinsichtlich Pflegedokumentation und elektronischer Patientenakte)<b>. <\/b>Dabei ist insbesondere auf eine <b>medienbruchfreie <\/b><b>Organisation<\/b> bzw. <b>Integration<\/b> der Systeme zu achten. Daten sollten von vorneherein elektronisch erfasst und dann auch f\u00fcr alle Beteiligten verf\u00fcgbar sein.<\/p>\n<p>Die Fragen:<br \/>\nF1: Wie hoch sch\u00e4tzen Sie Ihren pers\u00f6nlichen t\u00e4glichen Aufwand f\u00fcr rein administrative T\u00e4tigkeiten in Minuten pro Tag?<br \/>\nF2: F\u00fcr welche dieser T\u00e4tigkeiten verwenden Sie in Ihrer t\u00e4glichen Arbeit elektronische Systeme?<br \/>\nF3: Inwieweit erleichtern oder erschweren diese elektronischen Systeme Ihre t\u00e4gliche Arbeit? 5-stufige Antwortskala 1 = erschwert deutlich bis 5 = erleichtert deutlich meine t\u00e4gliche Arbeit<br \/>\nF4: Welche konkreten Verbesserungen w\u00fcnschen Sie sich hinsichtlich der elektronischen Systeme, die Sie pers\u00f6nlich nutzen? Anteil der Nennungen bezogen auf die Gesamtzahl der offenen Nennungen (N = 87)<br \/>\nBasis: n=104 Pflegekr\u00e4fte aus Krankenh\u00e4usern sowie\u00a0 ambulanten und station\u00e4ren Pflegeeinrichtungen; Quelle: Psyma-Panel \u201eCAREopinio\u201c; Befragungszeitraum 4. bis 11. M\u00e4rz 2019<\/p>\n","protected":false},"excerpt":{"rendered":"<p>Pflegekr\u00e4fte m\u00fcssen zus\u00e4tzlich zu ihrer eigentlichen Pfleget\u00e4tigkeit ein enormes Ma\u00df an administrativen Aufgaben bew\u00e4ltigen.\u00a0Wir haben in einer aktuellen Studie \u00fcber unser Psyma CAREopinio-Panel Pflegekr\u00e4fte dazu<\/p>\n","protected":false},"author":19,"featured_media":1814,"comment_status":"open","ping_status":"open","sticky":false,"template":"","format":"standard","meta":{"footnotes":"","_links_to":"","_links_to_target":""},"categories":[19],"tags":[633,650,67,61,54],"class_list":["post-1810","post","type-post","status-publish","format-standard","has-post-thumbnail","hentry","category-it-marktforschung","tag-eigenstudie","tag-marktforschung-it-tk","tag-online-befragung","tag-online-marktforschung","tag-pflegemarkt","grid_format-default"],"yoast_head":"<!-- This site is optimized with the Yoast SEO plugin v28.3 - https:\/\/yoast.com\/product\/yoast-seo-wordpress\/ -->\n<title>Studie: IT-Systeme im Pflegebereich - Marktforschung<\/title>\n<meta name=\"robots\" content=\"index, follow, max-snippet:-1, max-image-preview:large, max-video-preview:-1\" \/>\n<link rel=\"canonical\" href=\"https:\/\/newsroom.psyma.com\/de\/themen\/it-marktforschung\/studie-systeme-im-pflegebereich\/\" \/>\n<meta property=\"og:locale\" content=\"de_DE\" \/>\n<meta property=\"og:type\" content=\"article\" \/>\n<meta property=\"og:title\" content=\"Studie: IT-Systeme im Pflegebereich - Marktforschung\" \/>\n<meta property=\"og:description\" content=\"Pflegekr\u00e4fte m\u00fcssen zus\u00e4tzlich zu ihrer eigentlichen Pfleget\u00e4tigkeit ein enormes Ma\u00df an administrativen Aufgaben bew\u00e4ltigen.\u00a0Wir haben in einer aktuellen Studie \u00fcber unser Psyma CAREopinio-Panel Pflegekr\u00e4fte dazu\" \/>\n<meta property=\"og:url\" content=\"https:\/\/newsroom.psyma.com\/de\/themen\/it-marktforschung\/studie-systeme-im-pflegebereich\/\" \/>\n<meta property=\"og:site_name\" content=\"Marktforschung\" \/>\n<meta property=\"article:published_time\" content=\"2019-03-12T13:47:55+00:00\" \/>\n<meta property=\"article:modified_time\" content=\"2020-04-03T11:49:45+00:00\" \/>\n<meta property=\"og:image\" content=\"https:\/\/newsroom.psyma.com\/de\/wp-content\/uploads\/2019\/03\/Pflege-IT-1024x683.jpeg\" \/>\n\t<meta property=\"og:image:width\" content=\"1024\" \/>\n\t<meta property=\"og:image:height\" content=\"683\" \/>\n\t<meta property=\"og:image:type\" content=\"image\/jpeg\" \/>\n<meta name=\"author\" content=\"Christian Sch\u00e4tz\" \/>\n<meta name=\"twitter:card\" content=\"summary_large_image\" \/>\n<meta name=\"twitter:label1\" content=\"Verfasst von\" \/>\n\t<meta name=\"twitter:data1\" content=\"Christian Sch\u00e4tz\" \/>\n\t<meta name=\"twitter:label2\" content=\"Gesch\u00e4tzte Lesezeit\" \/>\n\t<meta name=\"twitter:data2\" content=\"2\u00a0Minuten\" \/>\n<script type=\"application\/ld+json\" class=\"yoast-schema-graph\">{\"@context\":\"https:\\\/\\\/schema.org\",\"@graph\":[{\"@type\":\"Article\",\"@id\":\"https:\\\/\\\/newsroom.psyma.com\\\/de\\\/themen\\\/it-marktforschung\\\/studie-systeme-im-pflegebereich\\\/#article\",\"isPartOf\":{\"@id\":\"https:\\\/\\\/newsroom.psyma.com\\\/de\\\/themen\\\/it-marktforschung\\\/studie-systeme-im-pflegebereich\\\/\"},\"author\":{\"name\":\"Christian Sch\u00e4tz\",\"@id\":\"https:\\\/\\\/newsroom.psyma.com\\\/de\\\/#\\\/schema\\\/person\\\/20ff735d19369ea41dd6b233e78c3b2c\"},\"headline\":\"Studie: IT-Systeme im Pflegebereich\",\"datePublished\":\"2019-03-12T13:47:55+00:00\",\"dateModified\":\"2020-04-03T11:49:45+00:00\",\"mainEntityOfPage\":{\"@id\":\"https:\\\/\\\/newsroom.psyma.com\\\/de\\\/themen\\\/it-marktforschung\\\/studie-systeme-im-pflegebereich\\\/\"},\"wordCount\":429,\"commentCount\":0,\"image\":{\"@id\":\"https:\\\/\\\/newsroom.psyma.com\\\/de\\\/themen\\\/it-marktforschung\\\/studie-systeme-im-pflegebereich\\\/#primaryimage\"},\"thumbnailUrl\":\"https:\\\/\\\/newsroom.psyma.com\\\/de\\\/wp-content\\\/uploads\\\/2019\\\/03\\\/Pflege-IT.jpeg\",\"keywords\":[\"Eigenstudie\",\"Marktforschung IT\\\/TK\",\"Online Befragung\",\"Online Marktforschung\",\"Pflegemarkt\"],\"articleSection\":[\"IT Marktforschung\"],\"inLanguage\":\"de\",\"potentialAction\":[{\"@type\":\"CommentAction\",\"name\":\"Comment\",\"target\":[\"https:\\\/\\\/newsroom.psyma.com\\\/de\\\/themen\\\/it-marktforschung\\\/studie-systeme-im-pflegebereich\\\/#respond\"]}]},{\"@type\":\"WebPage\",\"@id\":\"https:\\\/\\\/newsroom.psyma.com\\\/de\\\/themen\\\/it-marktforschung\\\/studie-systeme-im-pflegebereich\\\/\",\"url\":\"https:\\\/\\\/newsroom.psyma.com\\\/de\\\/themen\\\/it-marktforschung\\\/studie-systeme-im-pflegebereich\\\/\",\"name\":\"Studie: IT-Systeme im Pflegebereich - Marktforschung\",\"isPartOf\":{\"@id\":\"https:\\\/\\\/newsroom.psyma.com\\\/de\\\/#website\"},\"primaryImageOfPage\":{\"@id\":\"https:\\\/\\\/newsroom.psyma.com\\\/de\\\/themen\\\/it-marktforschung\\\/studie-systeme-im-pflegebereich\\\/#primaryimage\"},\"image\":{\"@id\":\"https:\\\/\\\/newsroom.psyma.com\\\/de\\\/themen\\\/it-marktforschung\\\/studie-systeme-im-pflegebereich\\\/#primaryimage\"},\"thumbnailUrl\":\"https:\\\/\\\/newsroom.psyma.com\\\/de\\\/wp-content\\\/uploads\\\/2019\\\/03\\\/Pflege-IT.jpeg\",\"datePublished\":\"2019-03-12T13:47:55+00:00\",\"dateModified\":\"2020-04-03T11:49:45+00:00\",\"author\":{\"@id\":\"https:\\\/\\\/newsroom.psyma.com\\\/de\\\/#\\\/schema\\\/person\\\/20ff735d19369ea41dd6b233e78c3b2c\"},\"breadcrumb\":{\"@id\":\"https:\\\/\\\/newsroom.psyma.com\\\/de\\\/themen\\\/it-marktforschung\\\/studie-systeme-im-pflegebereich\\\/#breadcrumb\"},\"inLanguage\":\"de\",\"potentialAction\":[{\"@type\":\"ReadAction\",\"target\":[\"https:\\\/\\\/newsroom.psyma.com\\\/de\\\/themen\\\/it-marktforschung\\\/studie-systeme-im-pflegebereich\\\/\"]}]},{\"@type\":\"ImageObject\",\"inLanguage\":\"de\",\"@id\":\"https:\\\/\\\/newsroom.psyma.com\\\/de\\\/themen\\\/it-marktforschung\\\/studie-systeme-im-pflegebereich\\\/#primaryimage\",\"url\":\"https:\\\/\\\/newsroom.psyma.com\\\/de\\\/wp-content\\\/uploads\\\/2019\\\/03\\\/Pflege-IT.jpeg\",\"contentUrl\":\"https:\\\/\\\/newsroom.psyma.com\\\/de\\\/wp-content\\\/uploads\\\/2019\\\/03\\\/Pflege-IT.jpeg\",\"width\":6510,\"height\":4345,\"caption\":\"writing the patient's details\"},{\"@type\":\"BreadcrumbList\",\"@id\":\"https:\\\/\\\/newsroom.psyma.com\\\/de\\\/themen\\\/it-marktforschung\\\/studie-systeme-im-pflegebereich\\\/#breadcrumb\",\"itemListElement\":[{\"@type\":\"ListItem\",\"position\":1,\"name\":\"Startseite\",\"item\":\"https:\\\/\\\/newsroom.psyma.com\\\/de\\\/\"},{\"@type\":\"ListItem\",\"position\":2,\"name\":\"Studie: IT-Systeme im Pflegebereich\"}]},{\"@type\":\"WebSite\",\"@id\":\"https:\\\/\\\/newsroom.psyma.com\\\/de\\\/#website\",\"url\":\"https:\\\/\\\/newsroom.psyma.com\\\/de\\\/\",\"name\":\"Marktforschung\",\"description\":\"Cases, Stories und Studien\",\"potentialAction\":[{\"@type\":\"SearchAction\",\"target\":{\"@type\":\"EntryPoint\",\"urlTemplate\":\"https:\\\/\\\/newsroom.psyma.com\\\/de\\\/?s={search_term_string}\"},\"query-input\":{\"@type\":\"PropertyValueSpecification\",\"valueRequired\":true,\"valueName\":\"search_term_string\"}}],\"inLanguage\":\"de\"},{\"@type\":\"Person\",\"@id\":\"https:\\\/\\\/newsroom.psyma.com\\\/de\\\/#\\\/schema\\\/person\\\/20ff735d19369ea41dd6b233e78c3b2c\",\"name\":\"Christian Sch\u00e4tz\",\"image\":{\"@type\":\"ImageObject\",\"inLanguage\":\"de\",\"@id\":\"https:\\\/\\\/newsroom.psyma.com\\\/de\\\/wp-content\\\/uploads\\\/2021\\\/10\\\/Psyma_Christian_Schaetz-150x150.jpg\",\"url\":\"https:\\\/\\\/newsroom.psyma.com\\\/de\\\/wp-content\\\/uploads\\\/2021\\\/10\\\/Psyma_Christian_Schaetz-150x150.jpg\",\"contentUrl\":\"https:\\\/\\\/newsroom.psyma.com\\\/de\\\/wp-content\\\/uploads\\\/2021\\\/10\\\/Psyma_Christian_Schaetz-150x150.jpg\",\"caption\":\"Christian Sch\u00e4tz\"},\"description\":\"Christian Sch\u00e4tz leitet bei der PSYMA GROUP AG den Bereich Marketing &amp; Sales. Mit seiner langj\u00e4hrigen Erfahrung als Marketingleiter und Gesch\u00e4ftsf\u00fchrer verantwortet er die Marketingma\u00dfnahmen aller Psyma-Units von der Strategie bis hin zur operativen Umsetzung.\",\"sameAs\":[\"http:\\\/\\\/www.psyma.com\",\"https:\\\/\\\/www.linkedin.com\\\/in\\\/christian-schtz-b6a9948b\\\/\"],\"url\":\"https:\\\/\\\/newsroom.psyma.com\\\/de\"}]}<\/script>\n<!-- \/ Yoast SEO plugin. -->","yoast_head_json":{"title":"Studie: IT-Systeme im Pflegebereich - Marktforschung","robots":{"index":"index","follow":"follow","max-snippet":"max-snippet:-1","max-image-preview":"max-image-preview:large","max-video-preview":"max-video-preview:-1"},"canonical":"https:\/\/newsroom.psyma.com\/de\/themen\/it-marktforschung\/studie-systeme-im-pflegebereich\/","og_locale":"de_DE","og_type":"article","og_title":"Studie: IT-Systeme im Pflegebereich - Marktforschung","og_description":"Pflegekr\u00e4fte m\u00fcssen zus\u00e4tzlich zu ihrer eigentlichen Pfleget\u00e4tigkeit ein enormes Ma\u00df an administrativen Aufgaben bew\u00e4ltigen.\u00a0Wir haben in einer aktuellen Studie \u00fcber unser Psyma CAREopinio-Panel Pflegekr\u00e4fte dazu","og_url":"https:\/\/newsroom.psyma.com\/de\/themen\/it-marktforschung\/studie-systeme-im-pflegebereich\/","og_site_name":"Marktforschung","article_published_time":"2019-03-12T13:47:55+00:00","article_modified_time":"2020-04-03T11:49:45+00:00","og_image":[{"width":1024,"height":683,"url":"https:\/\/newsroom.psyma.com\/de\/wp-content\/uploads\/2019\/03\/Pflege-IT-1024x683.jpeg","type":"image\/jpeg"}],"author":"Christian Sch\u00e4tz","twitter_card":"summary_large_image","twitter_misc":{"Verfasst von":"Christian Sch\u00e4tz","Gesch\u00e4tzte Lesezeit":"2\u00a0Minuten"},"schema":{"@context":"https:\/\/schema.org","@graph":[{"@type":"Article","@id":"https:\/\/newsroom.psyma.com\/de\/themen\/it-marktforschung\/studie-systeme-im-pflegebereich\/#article","isPartOf":{"@id":"https:\/\/newsroom.psyma.com\/de\/themen\/it-marktforschung\/studie-systeme-im-pflegebereich\/"},"author":{"name":"Christian Sch\u00e4tz","@id":"https:\/\/newsroom.psyma.com\/de\/#\/schema\/person\/20ff735d19369ea41dd6b233e78c3b2c"},"headline":"Studie: IT-Systeme im Pflegebereich","datePublished":"2019-03-12T13:47:55+00:00","dateModified":"2020-04-03T11:49:45+00:00","mainEntityOfPage":{"@id":"https:\/\/newsroom.psyma.com\/de\/themen\/it-marktforschung\/studie-systeme-im-pflegebereich\/"},"wordCount":429,"commentCount":0,"image":{"@id":"https:\/\/newsroom.psyma.com\/de\/themen\/it-marktforschung\/studie-systeme-im-pflegebereich\/#primaryimage"},"thumbnailUrl":"https:\/\/newsroom.psyma.com\/de\/wp-content\/uploads\/2019\/03\/Pflege-IT.jpeg","keywords":["Eigenstudie","Marktforschung IT\/TK","Online Befragung","Online Marktforschung","Pflegemarkt"],"articleSection":["IT Marktforschung"],"inLanguage":"de","potentialAction":[{"@type":"CommentAction","name":"Comment","target":["https:\/\/newsroom.psyma.com\/de\/themen\/it-marktforschung\/studie-systeme-im-pflegebereich\/#respond"]}]},{"@type":"WebPage","@id":"https:\/\/newsroom.psyma.com\/de\/themen\/it-marktforschung\/studie-systeme-im-pflegebereich\/","url":"https:\/\/newsroom.psyma.com\/de\/themen\/it-marktforschung\/studie-systeme-im-pflegebereich\/","name":"Studie: IT-Systeme im Pflegebereich - Marktforschung","isPartOf":{"@id":"https:\/\/newsroom.psyma.com\/de\/#website"},"primaryImageOfPage":{"@id":"https:\/\/newsroom.psyma.com\/de\/themen\/it-marktforschung\/studie-systeme-im-pflegebereich\/#primaryimage"},"image":{"@id":"https:\/\/newsroom.psyma.com\/de\/themen\/it-marktforschung\/studie-systeme-im-pflegebereich\/#primaryimage"},"thumbnailUrl":"https:\/\/newsroom.psyma.com\/de\/wp-content\/uploads\/2019\/03\/Pflege-IT.jpeg","datePublished":"2019-03-12T13:47:55+00:00","dateModified":"2020-04-03T11:49:45+00:00","author":{"@id":"https:\/\/newsroom.psyma.com\/de\/#\/schema\/person\/20ff735d19369ea41dd6b233e78c3b2c"},"breadcrumb":{"@id":"https:\/\/newsroom.psyma.com\/de\/themen\/it-marktforschung\/studie-systeme-im-pflegebereich\/#breadcrumb"},"inLanguage":"de","potentialAction":[{"@type":"ReadAction","target":["https:\/\/newsroom.psyma.com\/de\/themen\/it-marktforschung\/studie-systeme-im-pflegebereich\/"]}]},{"@type":"ImageObject","inLanguage":"de","@id":"https:\/\/newsroom.psyma.com\/de\/themen\/it-marktforschung\/studie-systeme-im-pflegebereich\/#primaryimage","url":"https:\/\/newsroom.psyma.com\/de\/wp-content\/uploads\/2019\/03\/Pflege-IT.jpeg","contentUrl":"https:\/\/newsroom.psyma.com\/de\/wp-content\/uploads\/2019\/03\/Pflege-IT.jpeg","width":6510,"height":4345,"caption":"writing the patient's details"},{"@type":"BreadcrumbList","@id":"https:\/\/newsroom.psyma.com\/de\/themen\/it-marktforschung\/studie-systeme-im-pflegebereich\/#breadcrumb","itemListElement":[{"@type":"ListItem","position":1,"name":"Startseite","item":"https:\/\/newsroom.psyma.com\/de\/"},{"@type":"ListItem","position":2,"name":"Studie: IT-Systeme im Pflegebereich"}]},{"@type":"WebSite","@id":"https:\/\/newsroom.psyma.com\/de\/#website","url":"https:\/\/newsroom.psyma.com\/de\/","name":"Marktforschung","description":"Cases, Stories und Studien","potentialAction":[{"@type":"SearchAction","target":{"@type":"EntryPoint","urlTemplate":"https:\/\/newsroom.psyma.com\/de\/?s={search_term_string}"},"query-input":{"@type":"PropertyValueSpecification","valueRequired":true,"valueName":"search_term_string"}}],"inLanguage":"de"},{"@type":"Person","@id":"https:\/\/newsroom.psyma.com\/de\/#\/schema\/person\/20ff735d19369ea41dd6b233e78c3b2c","name":"Christian Sch\u00e4tz","image":{"@type":"ImageObject","inLanguage":"de","@id":"https:\/\/newsroom.psyma.com\/de\/wp-content\/uploads\/2021\/10\/Psyma_Christian_Schaetz-150x150.jpg","url":"https:\/\/newsroom.psyma.com\/de\/wp-content\/uploads\/2021\/10\/Psyma_Christian_Schaetz-150x150.jpg","contentUrl":"https:\/\/newsroom.psyma.com\/de\/wp-content\/uploads\/2021\/10\/Psyma_Christian_Schaetz-150x150.jpg","caption":"Christian Sch\u00e4tz"},"description":"Christian Sch\u00e4tz leitet bei der PSYMA GROUP AG den Bereich Marketing &amp; Sales. Mit seiner langj\u00e4hrigen Erfahrung als Marketingleiter und Gesch\u00e4ftsf\u00fchrer verantwortet er die Marketingma\u00dfnahmen aller Psyma-Units von der Strategie bis hin zur operativen Umsetzung.","sameAs":["http:\/\/www.psyma.com","https:\/\/www.linkedin.com\/in\/christian-schtz-b6a9948b\/"],"url":"https:\/\/newsroom.psyma.com\/de"}]}},"_links":{"self":[{"href":"https:\/\/newsroom.psyma.com\/de\/wp-json\/wp\/v2\/posts\/1810","targetHints":{"allow":["GET"]}}],"collection":[{"href":"https:\/\/newsroom.psyma.com\/de\/wp-json\/wp\/v2\/posts"}],"about":[{"href":"https:\/\/newsroom.psyma.com\/de\/wp-json\/wp\/v2\/types\/post"}],"author":[{"embeddable":true,"href":"https:\/\/newsroom.psyma.com\/de\/wp-json\/wp\/v2\/users\/19"}],"replies":[{"embeddable":true,"href":"https:\/\/newsroom.psyma.com\/de\/wp-json\/wp\/v2\/comments?post=1810"}],"version-history":[{"count":26,"href":"https:\/\/newsroom.psyma.com\/de\/wp-json\/wp\/v2\/posts\/1810\/revisions"}],"predecessor-version":[{"id":1841,"href":"https:\/\/newsroom.psyma.com\/de\/wp-json\/wp\/v2\/posts\/1810\/revisions\/1841"}],"wp:featuredmedia":[{"embeddable":true,"href":"https:\/\/newsroom.psyma.com\/de\/wp-json\/wp\/v2\/media\/1814"}],"wp:attachment":[{"href":"https:\/\/newsroom.psyma.com\/de\/wp-json\/wp\/v2\/media?parent=1810"}],"wp:term":[{"taxonomy":"category","embeddable":true,"href":"https:\/\/newsroom.psyma.com\/de\/wp-json\/wp\/v2\/categories?post=1810"},{"taxonomy":"post_tag","embeddable":true,"href":"https:\/\/newsroom.psyma.com\/de\/wp-json\/wp\/v2\/tags?post=1810"}],"curies":[{"name":"wp","href":"https:\/\/api.w.org\/{rel}","templated":true}]}}